{"id":696,"date":"2025-02-10T13:40:45","date_gmt":"2025-02-10T13:40:45","guid":{"rendered":"https:\/\/cittavet.com.br\/?p=696"},"modified":"2025-02-10T20:00:18","modified_gmt":"2025-02-10T20:00:18","slug":"citta-vet-no-fantastico-nossas-veterinarias-no-quadro-deu-petch-com-a-xuxa","status":"publish","type":"post","link":"https:\/\/cittavet.com.br\/index.php\/2025\/02\/10\/citta-vet-no-fantastico-nossas-veterinarias-no-quadro-deu-petch-com-a-xuxa\/","title":{"rendered":"Citt\u00e0 Vet no Fant\u00e1stico: Nossas veterin\u00e1rias no quadro Deu Petch! com a Xuxa"},"content":{"rendered":"\t\t<div data-elementor-type=\"wp-post\" data-elementor-id=\"696\" class=\"elementor elementor-696\" data-elementor-post-type=\"post\">\n\t\t\t\t<div class=\"elementor-element elementor-element-603a9a9 e-flex e-con-boxed wpr-particle-no wpr-jarallax-no wpr-parallax-no wpr-sticky-section-no e-con e-parent\" data-id=\"603a9a9\" data-element_type=\"container\">\n\t\t\t\t\t<div class=\"e-con-inner\">\n\t\t\t\t<div class=\"elementor-element elementor-element-a69f9b5 elementor-widget elementor-widget-text-editor\" data-id=\"a69f9b5\" data-element_type=\"widget\" data-widget_type=\"text-editor.default\">\n\t\t\t\t<div class=\"elementor-widget-container\">\n\t\t\t\t\t\t\t<p>No \u00faltimo domingo (09\/02), o programa <strong>Fant\u00e1stico<\/strong>, da Rede Globo, exibiu mais um emocionante epis\u00f3dio do quadro <em><strong>Deu Petch!<\/strong><\/em>, apresentado por <strong>Xuxa<\/strong> <strong>Meneghel<\/strong>, com foco no resgate e ado\u00e7\u00e3o de animais. E a <strong>Citt\u00e0 Vet<\/strong>, refer\u00eancia em sa\u00fade veterin\u00e1ria no <strong>Rio de Janeiro<\/strong>, teve a honra de fazer parte desse momento t\u00e3o especial!<\/p>\t\t\t\t\t\t<\/div>\n\t\t\t\t<\/div>\n\t\t\t\t\t<\/div>\n\t\t\t\t<\/div>\n\t\t<div class=\"elementor-element elementor-element-65ea73a e-flex e-con-boxed wpr-particle-no wpr-jarallax-no wpr-parallax-no wpr-sticky-section-no e-con e-parent\" data-id=\"65ea73a\" data-element_type=\"container\">\n\t\t\t\t\t<div class=\"e-con-inner\">\n\t\t<div class=\"elementor-element elementor-element-5d1b4b9 e-con-full e-flex wpr-particle-no wpr-jarallax-no wpr-parallax-no wpr-sticky-section-no e-con e-child\" data-id=\"5d1b4b9\" data-element_type=\"container\">\n\t\t\t\t<div class=\"elementor-element elementor-element-3610baf elementor-widget elementor-widget-image\" data-id=\"3610baf\" data-element_type=\"widget\" data-widget_type=\"image.default\">\n\t\t\t\t<div class=\"elementor-widget-container\">\n\t\t\t\t\t\t\t\t\t\t\t\t\t<img fetchpriority=\"high\" decoding=\"async\" width=\"800\" height=\"453\" src=\"https:\/\/cittavet.com.br\/wp-content\/uploads\/2025\/02\/alessandra-cesario-rosana-guerra-os-indefesos.png\" class=\"attachment-large size-large wp-image-700\" alt=\"\" srcset=\"https:\/\/cittavet.com.br\/wp-content\/uploads\/2025\/02\/alessandra-cesario-rosana-guerra-os-indefesos.png 935w, https:\/\/cittavet.com.br\/wp-content\/uploads\/2025\/02\/alessandra-cesario-rosana-guerra-os-indefesos-300x170.png 300w, https:\/\/cittavet.com.br\/wp-content\/uploads\/2025\/02\/alessandra-cesario-rosana-guerra-os-indefesos-768x435.png 768w\" sizes=\"(max-width: 800px) 100vw, 800px\" \/>\t\t\t\t\t\t\t\t\t\t\t\t\t<\/div>\n\t\t\t\t<\/div>\n\t\t\t\t<\/div>\n\t\t<div class=\"elementor-element elementor-element-486c5fe e-con-full e-flex wpr-particle-no wpr-jarallax-no wpr-parallax-no wpr-sticky-section-no e-con e-child\" data-id=\"486c5fe\" data-element_type=\"container\">\n\t\t\t\t<div class=\"elementor-element elementor-element-e29389b elementor-widget elementor-widget-text-editor\" data-id=\"e29389b\" data-element_type=\"widget\" data-widget_type=\"text-editor.default\">\n\t\t\t\t<div class=\"elementor-widget-container\">\n\t\t\t\t\t\t\t<p>Nossas veterin\u00e1rias, <strong>Dra. Alessandra Ces\u00e1rio<\/strong> e <strong>Dra. Patr\u00edcia Pimentel<\/strong>, estiveram presentes para garantir que os animais rec\u00e9m-resgatados recebessem os primeiros cuidados necess\u00e1rios. A **Dra. Alessandra** participou do atendimento dos pets resgatados, enquanto a **Dra. Patr\u00edcia** falou sobre a import\u00e2ncia da vacina\u00e7\u00e3o e dos cuidados essenciais para garantir a sa\u00fade e o bem-estar dos bichinhos.<\/p>\t\t\t\t\t\t<\/div>\n\t\t\t\t<\/div>\n\t\t\t\t<\/div>\n\t\t\t\t\t<\/div>\n\t\t\t\t<\/div>\n\t\t<div class=\"elementor-element elementor-element-404a71b e-flex e-con-boxed wpr-particle-no wpr-jarallax-no wpr-parallax-no wpr-sticky-section-no e-con e-parent\" data-id=\"404a71b\" data-element_type=\"container\">\n\t\t\t\t\t<div class=\"e-con-inner\">\n\t\t<div class=\"elementor-element elementor-element-1b2b825 e-con-full e-flex wpr-particle-no wpr-jarallax-no wpr-parallax-no wpr-sticky-section-no e-con e-child\" data-id=\"1b2b825\" data-element_type=\"container\">\n\t\t\t\t<div class=\"elementor-element elementor-element-fad2bec elementor-widget elementor-widget-image\" data-id=\"fad2bec\" data-element_type=\"widget\" data-widget_type=\"image.default\">\n\t\t\t\t<div class=\"elementor-widget-container\">\n\t\t\t\t\t\t\t\t\t\t\t\t\t<img decoding=\"async\" width=\"732\" height=\"537\" src=\"https:\/\/cittavet.com.br\/wp-content\/uploads\/2025\/02\/xuxa-dra-patricia-pimentel.png\" class=\"attachment-large size-large wp-image-702\" alt=\"\" srcset=\"https:\/\/cittavet.com.br\/wp-content\/uploads\/2025\/02\/xuxa-dra-patricia-pimentel.png 732w, https:\/\/cittavet.com.br\/wp-content\/uploads\/2025\/02\/xuxa-dra-patricia-pimentel-300x220.png 300w\" sizes=\"(max-width: 732px) 100vw, 732px\" \/>\t\t\t\t\t\t\t\t\t\t\t\t\t<\/div>\n\t\t\t\t<\/div>\n\t\t\t\t<\/div>\n\t\t<div class=\"elementor-element elementor-element-4f3e6c6 e-con-full e-flex wpr-particle-no wpr-jarallax-no wpr-parallax-no wpr-sticky-section-no e-con e-child\" data-id=\"4f3e6c6\" data-element_type=\"container\">\n\t\t\t\t<div class=\"elementor-element elementor-element-4d68f72 elementor-widget elementor-widget-image\" data-id=\"4d68f72\" data-element_type=\"widget\" data-widget_type=\"image.default\">\n\t\t\t\t<div class=\"elementor-widget-container\">\n\t\t\t\t\t\t\t\t\t\t\t\t\t<img decoding=\"async\" width=\"647\" height=\"446\" src=\"https:\/\/cittavet.com.br\/wp-content\/uploads\/2025\/02\/ramon-xuxa-patricia-pimentel.png\" class=\"attachment-large size-large wp-image-703\" alt=\"\" srcset=\"https:\/\/cittavet.com.br\/wp-content\/uploads\/2025\/02\/ramon-xuxa-patricia-pimentel.png 647w, https:\/\/cittavet.com.br\/wp-content\/uploads\/2025\/02\/ramon-xuxa-patricia-pimentel-300x207.png 300w\" sizes=\"(max-width: 647px) 100vw, 647px\" \/>\t\t\t\t\t\t\t\t\t\t\t\t\t<\/div>\n\t\t\t\t<\/div>\n\t\t\t\t<\/div>\n\t\t\t\t\t<\/div>\n\t\t\t\t<\/div>\n\t\t<div class=\"elementor-element elementor-element-688f86b e-flex e-con-boxed wpr-particle-no wpr-jarallax-no wpr-parallax-no wpr-sticky-section-no e-con e-parent\" data-id=\"688f86b\" data-element_type=\"container\">\n\t\t\t\t\t<div class=\"e-con-inner\">\n\t\t\t\t<div class=\"elementor-element elementor-element-acaaa02 elementor-widget elementor-widget-text-editor\" data-id=\"acaaa02\" data-element_type=\"widget\" data-widget_type=\"text-editor.default\">\n\t\t\t\t<div class=\"elementor-widget-container\">\n\t\t\t\t\t\t\t<p>Se voc\u00ea tamb\u00e9m acredita na causa da <strong>ado\u00e7\u00e3o respons\u00e1vel<\/strong> e quer saber mais sobre os cuidados veterin\u00e1rios que todo pet precisa ao chegar em um novo lar, n\u00e3o perca essa participa\u00e7\u00e3o especial da<strong> Citt\u00e0 Vet<\/strong> no <strong>Fant\u00e1stico!<\/strong> \ud83d\udc99\ud83d\udc3e<\/p>\t\t\t\t\t\t<\/div>\n\t\t\t\t<\/div>\n\t\t\t\t\t<\/div>\n\t\t\t\t<\/div>\n\t\t<div class=\"elementor-element elementor-element-ed7b2df e-flex e-con-boxed wpr-particle-no wpr-jarallax-no wpr-parallax-no wpr-sticky-section-no e-con e-parent\" data-id=\"ed7b2df\" data-element_type=\"container\">\n\t\t\t\t\t<div class=\"e-con-inner\">\n\t\t\t\t<div class=\"elementor-element elementor-element-a496c60 elementor-widget elementor-widget-text-editor\" data-id=\"a496c60\" data-element_type=\"widget\" data-widget_type=\"text-editor.default\">\n\t\t\t\t<div class=\"elementor-widget-container\">\n\t\t\t\t\t\t\t<p>\ud83d\udcfa Assista ao epis\u00f3dio completo no GloboPlay:<br \/><a href=\"http:\/\/g1.globo.com\/fantastico\/video\/deu-petch-episodio-2-xuxa-visita-ongs-que-resgatam-animais-abandonados-13326995.ghtml\" target=\"_blank\" rel=\"nofollow noopener\">g1.globo.com\/fantastico\/video\/deu-petch-episodio-2-xuxa-visita-ongs-que-resgatam-animais-abandonados-13326995.ghtml<\/a><\/p>\t\t\t\t\t\t<\/div>\n\t\t\t\t<\/div>\n\t\t\t\t\t<\/div>\n\t\t\t\t<\/div>\n\t\t\t\t<\/div>\n\t\t","protected":false},"excerpt":{"rendered":"<p>No \u00faltimo domingo (09\/02), o programa Fant\u00e1stico, da Rede Globo, exibiu mais um emocionante epis\u00f3dio do quadro Deu Petch!, apresentado por Xuxa Meneghel, com foco no resgate e ado\u00e7\u00e3o de animais. E a Citt\u00e0 Vet, refer\u00eancia em sa\u00fade veterin\u00e1ria no Rio de Janeiro, teve a honra de fazer parte desse momento t\u00e3o especial! Nossas veterin\u00e1rias, Dra. Alessandra Ces\u00e1rio e Dra. Patr\u00edcia Pimentel, estiveram presentes para garantir que os animais rec\u00e9m-resgatados recebessem os primeiros cuidados necess\u00e1rios. A **Dra. Alessandra** participou do atendimento dos pets resgatados, enquanto a **Dra. Patr\u00edcia** falou sobre a import\u00e2ncia da vacina\u00e7\u00e3o e dos cuidados essenciais para garantir a sa\u00fade e o bem-estar dos bichinhos. Se voc\u00ea tamb\u00e9m acredita na causa da ado\u00e7\u00e3o respons\u00e1vel e quer saber mais sobre os cuidados veterin\u00e1rios que todo pet precisa ao chegar em um novo lar, n\u00e3o perca essa participa\u00e7\u00e3o especial da Citt\u00e0 Vet no Fant\u00e1stico! \ud83d\udc99\ud83d\udc3e \ud83d\udcfa Assista ao epis\u00f3dio completo no GloboPlay:g1.globo.com\/fantastico\/video\/deu-petch-episodio-2-xuxa-visita-ongs-que-resgatam-animais-abandonados-13326995.ghtml<\/p>\n","protected":false},"author":1,"featured_media":698,"comment_status":"open","ping_status":"open","sticky":false,"template":"","format":"standard","meta":{"footnotes":""},"categories":[21],"tags":[27,25,26,24,23],"class_list":["post-696","post","type-post","status-publish","format-standard","has-post-thumbnail","hentry","category-adocao","tag-adocao","tag-globoplay","tag-os-indefesos","tag-rede-globo","tag-xuxa"],"_links":{"self":[{"href":"https:\/\/cittavet.com.br\/index.php\/wp-json\/wp\/v2\/posts\/696","targetHints":{"allow":["GET"]}}],"collection":[{"href":"https:\/\/cittavet.com.br\/index.php\/wp-json\/wp\/v2\/posts"}],"about":[{"href":"https:\/\/cittavet.com.br\/index.php\/wp-json\/wp\/v2\/types\/post"}],"author":[{"embeddable":true,"href":"https:\/\/cittavet.com.br\/index.php\/wp-json\/wp\/v2\/users\/1"}],"replies":[{"embeddable":true,"href":"https:\/\/cittavet.com.br\/index.php\/wp-json\/wp\/v2\/comments?post=696"}],"version-history":[{"count":7,"href":"https:\/\/cittavet.com.br\/index.php\/wp-json\/wp\/v2\/posts\/696\/revisions"}],"predecessor-version":[{"id":710,"href":"https:\/\/cittavet.com.br\/index.php\/wp-json\/wp\/v2\/posts\/696\/revisions\/710"}],"wp:featuredmedia":[{"embeddable":true,"href":"https:\/\/cittavet.com.br\/index.php\/wp-json\/wp\/v2\/media\/698"}],"wp:attachment":[{"href":"https:\/\/cittavet.com.br\/index.php\/wp-json\/wp\/v2\/media?parent=696"}],"wp:term":[{"taxonomy":"category","embeddable":true,"href":"https:\/\/cittavet.com.br\/index.php\/wp-json\/wp\/v2\/categories?post=696"},{"taxonomy":"post_tag","embeddable":true,"href":"https:\/\/cittavet.com.br\/index.php\/wp-json\/wp\/v2\/tags?post=696"}],"curies":[{"name":"wp","href":"https:\/\/api.w.org\/{rel}","templated":true}]}}